{"id":506,"date":"2011-06-01T06:57:54","date_gmt":"2011-06-01T06:57:54","guid":{"rendered":"http:\/\/lrv-bremen.de\/?p=506"},"modified":"2011-06-01T06:59:29","modified_gmt":"2011-06-01T06:59:29","slug":"bundesliga-saisonziel-klassenerhalt","status":"publish","type":"post","link":"http:\/\/lrv-bremen.de\/?p=506","title":{"rendered":"Bundesliga &#8211; Saisonziel Klassenerhalt!"},"content":{"rendered":"<p style=\"text-align: justify;\">Letztes Jahr hat sich das Team Bremen erfolgreich im Oberhaus der flyeralarm Ruder-Bundesliga behaupten k\u00f6nnen. Aus diesem Grund blickt das Team zufrieden auf die letzte Saison zur\u00fcck. Nach einigen personellen Ver\u00e4nderungen gilt es nun sich erneut in der engen Konkurrenz der 1. Bundesliga zu behaupten.<\/p>\n<p style=\"text-align: justify;\">Gut vorbereitet wird das Team Bremen im Hexenkessel in Frankfurt versuchen die ersten Punkte nach Hause zu bringen und somit dem Saisonziel Klassenerhalt ein St\u00fcck n\u00e4her zu r\u00fccken. Alle fiebern dem Saisonauftakt in der Mainmetropole entgegen und sind hoch motiviert f\u00fcr die ersten Rennen.<!--more--><\/p>\n<p style=\"text-align: justify;\">Das Ziel klar vor Augen nutzte Trainer Steffen Pohl vor allem heimische Wettk\u00e4mpfe aber auch ausgiebige Trainingswochenenden zur Vorbereitung.\u00a0 Auf dem Ergocup der Jacobs University konnte das frisch formierte Team vor heimischer Kulisse erstmals zeigen, was in Ihnen steckt. Mit einem souver\u00e4nen Sieg und guten Ergozeiten demonstrierte das Team, dass es der ersten Liga w\u00fcrdig ist.<\/p>\n<p style=\"text-align: justify;\">Bedingt durch den harten und langen Winter war ein Training auf dem Wasser und zu Beginn des Jahres\u00a0 kaum m\u00f6glich. Nachdem der Fr\u00fchling in Bremen Einzug gehalten hatte, wurde daf\u00fcr umso mehr Gas gegeben. Mit regelm\u00e4\u00dfigen gemeinsamen Ruderterminen und hartem Individualtraining wurde die Mannschaft physisch und technisch gest\u00e4rkt.\u00a0 Zudem schickte Trainer Steffen Pohl sein Team im Rennen um den begehrten Senatspreis auf der heimischen Regatta an den Start, welches die Bremer prompt\u00a0 f\u00fcr sich entscheiden konnten und somit den Preis zur\u00fcck nach Bremen holten. Ein Teil des Teams konnte zudem auf der Internationalen Studenten Regatta in Breslau (Polen) ihre Sprintqualit\u00e4ten in den 500m Rennen unter Beweis stellen und zeigen, dass diese Mannschaft nicht zu untersch\u00e4tzen ist.<\/p>\n<p style=\"text-align: justify;\">Insgesamt ist besonders die Stimmung im Boot sehr gut. Alle sind mit Spa\u00df dabei, auch wenn es mal witterungsbedingt nicht so gut l\u00e4uft. Diese Tatsache motiviert alle Ruderer zum regelm\u00e4\u00dfigen und intensiven Training und bringt das Team technisch voran.<\/p>\n<p style=\"text-align: justify;\">Auch die \u201eNeuzug\u00e4nge\u201c\u00a0 haben sich gut in die Mannschaft integriert. Timm W\u00f6ltjen wird im Maschinenraum f\u00fcr noch mehr Schub sorgen und Jens Grosse wird im Bug f\u00fcr Stabilit\u00e4t zust\u00e4ndig sein. In einem letzten intensiven Trainingswochenende haben sich die Bremer warm gerudert. Hier lag der Fokus nat\u00fcrlich auf der Sprintstrecke und der Startphase, die bis zum Umfallen ge\u00fcbt wurden.<\/p>\n","protected":false},"excerpt":{"rendered":"<p>Letztes Jahr hat sich das Team Bremen erfolgreich im Oberhaus der flyeralarm Ruder-Bundesliga behaupten k\u00f6nnen. Aus diesem Grund blickt das Team zufrieden auf die letzte &hellip; <\/p>\n","protected":false},"author":3,"featured_media":0,"comment_status":"closed","ping_status":"open","sticky":false,"template":"","format":"standard","meta":{"_s2mail":"","footnotes":""},"categories":[1,4],"tags":[],"class_list":["post-506","post","type-post","status-publish","format-standard","hentry","category-allgemein","category-bundesliga"],"_links":{"self":[{"href":"http:\/\/lrv-bremen.de\/index.php?rest_route=\/wp\/v2\/posts\/506","targetHints":{"allow":["GET"]}}],"collection":[{"href":"http:\/\/lrv-bremen.de\/index.php?rest_route=\/wp\/v2\/posts"}],"about":[{"href":"http:\/\/lrv-bremen.de\/index.php?rest_route=\/wp\/v2\/types\/post"}],"author":[{"embeddable":true,"href":"http:\/\/lrv-bremen.de\/index.php?rest_route=\/wp\/v2\/users\/3"}],"replies":[{"embeddable":true,"href":"http:\/\/lrv-bremen.de\/index.php?rest_route=%2Fwp%2Fv2%2Fcomments&post=506"}],"version-history":[{"count":3,"href":"http:\/\/lrv-bremen.de\/index.php?rest_route=\/wp\/v2\/posts\/506\/revisions"}],"predecessor-version":[{"id":510,"href":"http:\/\/lrv-bremen.de\/index.php?rest_route=\/wp\/v2\/posts\/506\/revisions\/510"}],"wp:attachment":[{"href":"http:\/\/lrv-bremen.de\/index.php?rest_route=%2Fwp%2Fv2%2Fmedia&parent=506"}],"wp:term":[{"taxonomy":"category","embeddable":true,"href":"http:\/\/lrv-bremen.de\/index.php?rest_route=%2Fwp%2Fv2%2Fcategories&post=506"},{"taxonomy":"post_tag","embeddable":true,"href":"http:\/\/lrv-bremen.de\/index.php?rest_route=%2Fwp%2Fv2%2Ftags&post=506"}],"curies":[{"name":"wp","href":"https:\/\/api.w.org\/{rel}","templated":true}]}}