{"id":462,"date":"2011-05-21T17:44:43","date_gmt":"2011-05-21T17:44:43","guid":{"rendered":"http:\/\/lrv-bremen.de\/?p=462"},"modified":"2011-05-23T06:54:06","modified_gmt":"2011-05-23T06:54:06","slug":"die-bremer-in-brandenburg","status":"publish","type":"post","link":"http:\/\/lrv-bremen.de\/?p=462","title":{"rendered":"Die Bremer in Brandenburg"},"content":{"rendered":"<p style=\"text-align: justify;\">W\u00e4hrend der Bremer Lgw-Frauendoppelvierer noch auf den Finalstart am Sonntag wartet, ist Tobias von Randow bereits mitten drin.<a rel=\"attachment wp-att-463\" href=\"http:\/\/lrv-bremen.de\/?attachment_id=463\"><img loading=\"lazy\" decoding=\"async\" class=\"aligncenter size-full wp-image-463\" title=\"2011-KBM-Randow\" src=\"http:\/\/lrv-bremen.de\/wp-content\/uploads\/2011\/05\/2011-KBM-Randow.jpg\" alt=\"\" width=\"638\" height=\"190\" srcset=\"http:\/\/lrv-bremen.de\/wp-content\/uploads\/2011\/05\/2011-KBM-Randow.jpg 638w, http:\/\/lrv-bremen.de\/wp-content\/uploads\/2011\/05\/2011-KBM-Randow-150x44.jpg 150w, http:\/\/lrv-bremen.de\/wp-content\/uploads\/2011\/05\/2011-KBM-Randow-300x89.jpg 300w\" sizes=\"auto, (max-width: 638px) 100vw, 638px\" \/><\/a>Schon am Freitag startete er im Vorlauf des M\u00e4nnerzweiers. Heute im Zwischenlauf erruderte er sich mit seinem Partner Leon Evers einen Platz im D-Finale. Am sp\u00e4ten Abend erk\u00e4mpften die beiden U-23 Ruderer dann in einem spannenden Rennen den dritten Platz.<\/p>\n","protected":false},"excerpt":{"rendered":"<p>W\u00e4hrend der Bremer Lgw-Frauendoppelvierer noch auf den Finalstart am Sonntag wartet, ist Tobias von Randow bereits mitten drin.Schon am Freitag startete er im Vorlauf des &hellip; <\/p>\n","protected":false},"author":3,"featured_media":0,"comment_status":"closed","ping_status":"open","sticky":false,"template":"","format":"standard","meta":{"_s2mail":"","footnotes":""},"categories":[1,14],"tags":[],"class_list":["post-462","post","type-post","status-publish","format-standard","hentry","category-allgemein","category-regatta"],"_links":{"self":[{"href":"http:\/\/lrv-bremen.de\/index.php?rest_route=\/wp\/v2\/posts\/462","targetHints":{"allow":["GET"]}}],"collection":[{"href":"http:\/\/lrv-bremen.de\/index.php?rest_route=\/wp\/v2\/posts"}],"about":[{"href":"http:\/\/lrv-bremen.de\/index.php?rest_route=\/wp\/v2\/types\/post"}],"author":[{"embeddable":true,"href":"http:\/\/lrv-bremen.de\/index.php?rest_route=\/wp\/v2\/users\/3"}],"replies":[{"embeddable":true,"href":"http:\/\/lrv-bremen.de\/index.php?rest_route=%2Fwp%2Fv2%2Fcomments&post=462"}],"version-history":[{"count":5,"href":"http:\/\/lrv-bremen.de\/index.php?rest_route=\/wp\/v2\/posts\/462\/revisions"}],"predecessor-version":[{"id":477,"href":"http:\/\/lrv-bremen.de\/index.php?rest_route=\/wp\/v2\/posts\/462\/revisions\/477"}],"wp:attachment":[{"href":"http:\/\/lrv-bremen.de\/index.php?rest_route=%2Fwp%2Fv2%2Fmedia&parent=462"}],"wp:term":[{"taxonomy":"category","embeddable":true,"href":"http:\/\/lrv-bremen.de\/index.php?rest_route=%2Fwp%2Fv2%2Fcategories&post=462"},{"taxonomy":"post_tag","embeddable":true,"href":"http:\/\/lrv-bremen.de\/index.php?rest_route=%2Fwp%2Fv2%2Ftags&post=462"}],"curies":[{"name":"wp","href":"https:\/\/api.w.org\/{rel}","templated":true}]}}