{"id":2558,"date":"2018-08-07T07:17:17","date_gmt":"2018-08-07T07:17:17","guid":{"rendered":"http:\/\/lrv-bremen.de\/?p=2558"},"modified":"2018-08-07T07:17:17","modified_gmt":"2018-08-07T07:17:17","slug":"hadamovsky-auf-dem-weg-zur-u-19-weltmeisterschaft","status":"publish","type":"post","link":"http:\/\/lrv-bremen.de\/?p=2558","title":{"rendered":"Hadamovsky auf dem Weg zur U 19 &#8211; Weltmeisterschaft"},"content":{"rendered":"<p><span style=\"color: #333333; font-family: 'Georgia','serif';\">Vom 8. August bis 12. August finden in Racice (Tschechien) die U 19- Junioren-Weltmeisterschaften mit Bremer Beteiligung statt.<\/span><\/p>\n<p><span style=\"color: #333333; font-family: 'Georgia','serif';\">Bereits am Sonntag ist <strong>Janek Hadamovsky<\/strong> (Bremer Ruder-Club Hansa) mit rund 60 weiteren Athleten des Deutschen Ruderverbands nach Racice gereist.<\/span><\/p>\n<p><span style=\"color: #333333; font-family: 'Georgia','serif';\">Zuvor hatte\u00a0Hadamovsky\u00a0den Hauptteil der Sommerferien in Berlin-Gr\u00fcnau verbracht, wo er sich zusammen mit seinen\u00a0Bootspartnern im Vierer mit Steuermann\u00a0auf\u00a0seinen Saisonh\u00f6hepunkt vorbereitet hat.<\/span><\/p>\n<p><span style=\"color: #333333; font-family: 'Georgia','serif';\">Das\u00a0Trainingsrevier\u00a0liegt im S\u00fcdosten von Berlin. Unter anderem wurde auf der Olympia-Regattastrecke von 1936\u00a0trainiert. Jedoch ist das Trainingsgebiet auf der Dahme, besonders bei den diesj\u00e4hrigen hohen Temperaturen, vor allem f\u00fcr Freizeit &#8211; und Motorbootsportler beliebt. Aufgrund der Wellenbildung\u00a0begannen die\u00a0Trainingseinheiten bereits um 6:30 Uhr in den Morgenstunden\u00a0um optimale Trainingsbedingungen zu haben.<\/span><\/p>\n<p><span style=\"color: #333333; font-family: 'Georgia','serif';\">Nach dem 4-w\u00f6chigen Trainingslager ist Hadamovsky gut vorbereitet und m\u00f6chte auf der k\u00fcnstlich angelegten Regattastrecke in Racice sein K\u00f6nnen unter Beweis stellen und in dem 13-Bootefeld versuchen nach ganz vorne zu fahren.<\/span><\/p>\n<p><span style=\"color: #333333; font-family: 'Georgia','serif';\">Am kommenden Donnerstag gegen 9:40 Uhr, wenn Hadamovsky erstmals in den Vorl\u00e4ufen auf die internationale Konkurrenz treffen wird, hei\u00dft es dann \u201eDaumen dr\u00fccken\u201c!<\/span><\/p>\n<p>&nbsp;<\/p>\n<ul>\n<li><strong>Zeitplan JWM Racice<\/strong> (Quelle: http:\/\/www.worldrowing.com\/events\/2018-world-rowing-junior-championships\/event-information) : <a href=\"http:\/\/lrv-bremen.de\/wp-content\/uploads\/2018\/08\/RaciceWJCHProvisionalTimetableV.1010818_Neutral.pdf\">RaciceWJCHProvisionalTimetableV.1010818_Neutral<\/a><\/li>\n<\/ul>\n<p>&nbsp;<\/p>\n","protected":false},"excerpt":{"rendered":"<p>Vom 8. August bis 12. August finden in Racice (Tschechien) die U 19- Junioren-Weltmeisterschaften mit Bremer Beteiligung statt. Bereits am Sonntag ist Janek Hadamovsky (Bremer &hellip; <\/p>\n","protected":false},"author":4,"featured_media":0,"comment_status":"closed","ping_status":"open","sticky":false,"template":"","format":"standard","meta":{"_s2mail":"yes","footnotes":""},"categories":[1],"tags":[],"class_list":["post-2558","post","type-post","status-publish","format-standard","hentry","category-allgemein"],"_links":{"self":[{"href":"http:\/\/lrv-bremen.de\/index.php?rest_route=\/wp\/v2\/posts\/2558","targetHints":{"allow":["GET"]}}],"collection":[{"href":"http:\/\/lrv-bremen.de\/index.php?rest_route=\/wp\/v2\/posts"}],"about":[{"href":"http:\/\/lrv-bremen.de\/index.php?rest_route=\/wp\/v2\/types\/post"}],"author":[{"embeddable":true,"href":"http:\/\/lrv-bremen.de\/index.php?rest_route=\/wp\/v2\/users\/4"}],"replies":[{"embeddable":true,"href":"http:\/\/lrv-bremen.de\/index.php?rest_route=%2Fwp%2Fv2%2Fcomments&post=2558"}],"version-history":[{"count":2,"href":"http:\/\/lrv-bremen.de\/index.php?rest_route=\/wp\/v2\/posts\/2558\/revisions"}],"predecessor-version":[{"id":2562,"href":"http:\/\/lrv-bremen.de\/index.php?rest_route=\/wp\/v2\/posts\/2558\/revisions\/2562"}],"wp:attachment":[{"href":"http:\/\/lrv-bremen.de\/index.php?rest_route=%2Fwp%2Fv2%2Fmedia&parent=2558"}],"wp:term":[{"taxonomy":"category","embeddable":true,"href":"http:\/\/lrv-bremen.de\/index.php?rest_route=%2Fwp%2Fv2%2Fcategories&post=2558"},{"taxonomy":"post_tag","embeddable":true,"href":"http:\/\/lrv-bremen.de\/index.php?rest_route=%2Fwp%2Fv2%2Ftags&post=2558"}],"curies":[{"name":"wp","href":"https:\/\/api.w.org\/{rel}","templated":true}]}}