{"id":217,"date":"2011-03-28T09:31:32","date_gmt":"2011-03-28T09:31:32","guid":{"rendered":"http:\/\/lrv-bremen.de\/?p=217"},"modified":"2011-04-14T20:43:28","modified_gmt":"2011-04-14T20:43:28","slug":"lrv-in-leipzig-gut-dabei-2","status":"publish","type":"post","link":"http:\/\/lrv-bremen.de\/?p=217","title":{"rendered":"LRV in Leipzig gut dabei"},"content":{"rendered":"<p><a rel=\"attachment wp-att-215\" href=\"http:\/\/lrv-bremen.de\/?attachment_id=215\"><\/a><a rel=\"attachment wp-att-215\" href=\"http:\/\/lrv-bremen.de\/?attachment_id=215\"><img loading=\"lazy\" decoding=\"async\" class=\"alignright size-full wp-image-215\" title=\"Leipzig_Schild\" src=\"http:\/\/lrv-bremen.de\/wp-content\/uploads\/2011\/03\/Leipzig_Schild.jpg\" alt=\"\" width=\"158\" height=\"87\" \/><\/a>Der Saisonauftakt ist geschafft. Die kleine Bremer Mannschaft hat bei der diesj\u00e4hrigen Langstrecke in Leipzig\u00a0wie erwartet\u00a0abgeschnitten.<\/p>\n<p>Das beste\u00a0Ergebnis bei den Senioren fuhr unser Kaderathlet\u00a0 <strong>Tobias von Randow <\/strong>ein. &#8220;Mit dem f\u00fcnften Platz in der U23-Wertung bin ich voll zufrieden&#8221;, so von Randow nach dem Rennen, &#8220;und Platz 17 insgesamt in diesem Feld ist f\u00fcr uns als Nachwuchsmannschaft auch nicht schlecht&#8221;.<\/p>\n<p style=\"text-align: center;\"><a rel=\"attachment wp-att-216\" href=\"http:\/\/lrv-bremen.de\/?attachment_id=216\"><img loading=\"lazy\" decoding=\"async\" class=\"aligncenter size-full wp-image-216\" title=\"RandowRennenLeipzig2011-01\" src=\"http:\/\/lrv-bremen.de\/wp-content\/uploads\/2011\/03\/RandowRennenLeipzig2011-01.jpg\" alt=\"Tobias von Randow (Bug)\" width=\"700\" height=\"313\" srcset=\"http:\/\/lrv-bremen.de\/wp-content\/uploads\/2011\/03\/RandowRennenLeipzig2011-01.jpg 700w, http:\/\/lrv-bremen.de\/wp-content\/uploads\/2011\/03\/RandowRennenLeipzig2011-01-300x134.jpg 300w\" sizes=\"auto, (max-width: 700px) 100vw, 700px\" \/><\/a><\/p>\n<p>Auch Beke Sch\u00fctz zeigte sich zufrieden. &#8220;Trotz Abipr\u00fcfungen habe ich mit Platz 24 besser als im letzten Jahr abgeschnitten&#8221;, zeigte sie sich positiv f\u00fcr die kommenden Aufgaben. Kim F\u00fcrwentsches vom Bremer Ruderclub Hansa zeigte aufsteigende Form. Er plazierte sich mit Platz 27 gut im Mittelfeld des Senioren-Einers.<\/p>\n<p><a rel=\"attachment wp-att-244\" href=\"http:\/\/lrv-bremen.de\/?attachment_id=244\"><img loading=\"lazy\" decoding=\"async\" class=\"alignleft size-full wp-image-244\" title=\"Leipzig2011-HannaSchuhmacher\" src=\"http:\/\/lrv-bremen.de\/wp-content\/uploads\/2011\/03\/Leipzig2011-HannaSchuhmacher.jpg\" alt=\"Hanna Schuhmacher vom VRV im Bug\" width=\"200\" height=\"95\" \/><\/a>Bei den Junioren ragte Hanna Schumacher vom VRV heraus. Sie belegte mit ihrer Partnerin Florentine Baron vom Team Nordwest eine hervorragenden vierten Platz im Juniorinnen-Zweier.<\/p>\n<p>Erstmals waren auch B-Junioren aus dem Landesruderverband am Start. Hier\u00a0machte mit Platz zwei Anne-Kathrin \u00d6sterle vom BSC auf sich aufmerksam.<\/p>\n","protected":false},"excerpt":{"rendered":"<p>Der Saisonauftakt ist geschafft. Die kleine Bremer Mannschaft hat bei der diesj\u00e4hrigen Langstrecke in Leipzig\u00a0wie erwartet\u00a0abgeschnitten. Das beste\u00a0Ergebnis bei den Senioren fuhr unser Kaderathlet\u00a0 Tobias &hellip; <\/p>\n","protected":false},"author":3,"featured_media":261,"comment_status":"closed","ping_status":"open","sticky":false,"template":"","format":"standard","meta":{"_s2mail":"","footnotes":""},"categories":[1,14],"tags":[12,11,13,8],"class_list":["post-217","post","type-post","status-publish","format-standard","has-post-thumbnail","hentry","category-allgemein","category-regatta","tag-langstrecke","tag-leipzig","tag-lrv-bremen","tag-rudern"],"_links":{"self":[{"href":"http:\/\/lrv-bremen.de\/index.php?rest_route=\/wp\/v2\/posts\/217","targetHints":{"allow":["GET"]}}],"collection":[{"href":"http:\/\/lrv-bremen.de\/index.php?rest_route=\/wp\/v2\/posts"}],"about":[{"href":"http:\/\/lrv-bremen.de\/index.php?rest_route=\/wp\/v2\/types\/post"}],"author":[{"embeddable":true,"href":"http:\/\/lrv-bremen.de\/index.php?rest_route=\/wp\/v2\/users\/3"}],"replies":[{"embeddable":true,"href":"http:\/\/lrv-bremen.de\/index.php?rest_route=%2Fwp%2Fv2%2Fcomments&post=217"}],"version-history":[{"count":45,"href":"http:\/\/lrv-bremen.de\/index.php?rest_route=\/wp\/v2\/posts\/217\/revisions"}],"predecessor-version":[{"id":340,"href":"http:\/\/lrv-bremen.de\/index.php?rest_route=\/wp\/v2\/posts\/217\/revisions\/340"}],"wp:featuredmedia":[{"embeddable":true,"href":"http:\/\/lrv-bremen.de\/index.php?rest_route=\/wp\/v2\/media\/261"}],"wp:attachment":[{"href":"http:\/\/lrv-bremen.de\/index.php?rest_route=%2Fwp%2Fv2%2Fmedia&parent=217"}],"wp:term":[{"taxonomy":"category","embeddable":true,"href":"http:\/\/lrv-bremen.de\/index.php?rest_route=%2Fwp%2Fv2%2Fcategories&post=217"},{"taxonomy":"post_tag","embeddable":true,"href":"http:\/\/lrv-bremen.de\/index.php?rest_route=%2Fwp%2Fv2%2Ftags&post=217"}],"curies":[{"name":"wp","href":"https:\/\/api.w.org\/{rel}","templated":true}]}}