{"id":1838,"date":"2013-12-12T18:28:07","date_gmt":"2013-12-12T18:28:07","guid":{"rendered":"http:\/\/lrv-bremen.de\/?p=1838"},"modified":"2013-12-13T16:59:22","modified_gmt":"2013-12-13T16:59:22","slug":"olympiasieger-filip-adamski-ehrengast-beim-bremer-ruderverein-von-1882","status":"publish","type":"post","link":"http:\/\/lrv-bremen.de\/?p=1838","title":{"rendered":"Olympiasieger Filip Adamski Ehrengast beim Bremer Ruderverein von 1882"},"content":{"rendered":"<pre style=\"text-align: justify;\">von S\u00f6ren Dannhauer - Foto Thielbar<\/pre>\n<p style=\"text-align: justify;\"><strong>Der Astronaut Ulf Meerbold, Sportsenator Ullrich M\u00e4urer und der heutige UN-Sonderberater f\u00fcr Sport waren in den Vorjahren Festredner auf dem Stiftungsfest des Bremer Rudervereins von 1882. Zum 131. Vereinsgeburtstag begr\u00fc\u00dfte Pr\u00e4sident G\u00fcnther Brandt Filip Adamski, Gewinner der olympischen Goldmedaille 2012 mit dem Deutschlandachter.<\/strong><\/p>\n<figure id=\"attachment_1848\" aria-describedby=\"caption-attachment-1848\" style=\"width: 300px\" class=\"wp-caption alignleft\"><a href=\"http:\/\/lrv-bremen.de\/wp-content\/uploads\/2013\/12\/Stiftungsfest-BRV82-2013_K2.jpg\"><img loading=\"lazy\" decoding=\"async\" class=\"size-medium wp-image-1848\" alt=\"Stiftungsfest BRV82 - 2013_K2\" src=\"http:\/\/lrv-bremen.de\/wp-content\/uploads\/2013\/12\/Stiftungsfest-BRV82-2013_K2-300x246.jpg\" width=\"300\" height=\"246\" srcset=\"http:\/\/lrv-bremen.de\/wp-content\/uploads\/2013\/12\/Stiftungsfest-BRV82-2013_K2-300x246.jpg 300w, http:\/\/lrv-bremen.de\/wp-content\/uploads\/2013\/12\/Stiftungsfest-BRV82-2013_K2-150x123.jpg 150w, http:\/\/lrv-bremen.de\/wp-content\/uploads\/2013\/12\/Stiftungsfest-BRV82-2013_K2.jpg 638w\" sizes=\"auto, (max-width: 300px) 100vw, 300px\" \/><\/a><figcaption id=\"caption-attachment-1848\" class=\"wp-caption-text\">v.l. Dirk Werthmann, OS Filip Adamski, Pr\u00e4sident G\u00fcnther Brandt freuen sich \u00fcber das gelungene Stiftungsfest.<\/figcaption><\/figure>\n<p style=\"text-align: justify;\">Im Dialog mit Trainingsleiter Dirk Werthmann, der Anfang des Jahrtausends kurzzeitig gemeinsam mit Adamski in einer Nachwuchsgruppe trainierte, berichtete der Olympiasieger den 120 G\u00e4sten und Freunden des Bremer Rudervereins \u00fcber sein Ruderleben mit zwei Olympiateilnahmen und dem Karriereh\u00f6hepunkt in London. Schnell wurde deutlich, dass der Olympiasieg kein Ergebnis einer stringenten Karriereplanung war. Vielmehr haben eine Reihe von Zuf\u00e4llen und gl\u00fccklichen Wendungen geholfen, die aus einem hoch veranlagten Talent einen erfolgreichen Nationalmannschaftsruderer machten.<!--more--><\/p>\n<p style=\"text-align: justify;\">Mit Humor und Bodenhaftung berichtete Adamski \u00fcber die Spiele in Peking und London. \u201eEs waren vor allem die Niederlagen, an denen ich als Mensch und Sportler wuchs.\u201c In Peking musste er nach dem Vorlauf das Boot verlassen, weil er erkrankte. \u201eOhne diese Frustration h\u00e4tte ich wohl nicht bis London weitergemacht\u201c, so Adamski. Und auch danach lief es geradlinig zu, Olympiasieg. Nach dem Weltmeistertitel 2009, mit dem der mythische Deutschlandachter seine beeindrucke vierj\u00e4hrige Siegesserie bis London begann, wurde Adamski aus dem Achter gesetzt. Die beiden folgenden Jahre verpasste er einen Rollsitz im Paradeboot, musste im weniger beliebten Vierer-ohne und im Zweier-mit Platz nehmen. Erst mit der allerletzen Chance im Fr\u00fchjahr 2012 gab es den erl\u00f6senden Anruf vom Bundestrainer, dass der Sprung in den Achter doch geklappt hatte.<\/p>\n<p style=\"text-align: justify;\">Sp\u00e4testens mit der Beichte, damals mehr mit seinem Zweier-Partner gelitten zu haben, dem ein Platz im Achter verwehrt blieb, als er sich \u00fcber seine Nominierung freuen konnte, hatte Adamski alle Sympathien im Festsaal auf seiner Seite. Kurzweilig berichtete er anschlie\u00dfend \u00fcber das Athletendorf, den Ruderenthusiasmus der Engl\u00e4nder, die beeindruckende Sportler-Mensa und \u00fcber die Abschlussfeier.<\/p>\n<p style=\"text-align: justify;\">Nach der Ehrung f\u00fcr verdiente und langj\u00e4hrige Mitglieder durch den Pr\u00e4sidenten und der R\u00fcckschau auf das vergangene Ruderjahr durch Vorstand Gerd Meyer klang die offizielle Festlichkeit aus. Beliebtester Gespr\u00e4chspartner bis tief in die Nacht aber blieb der Bochumer Wirtschaftsstudent, der im Sommer 2012 mit dem Olympiasieg beeindruckte.<\/p>\n","protected":false},"excerpt":{"rendered":"<p>von S\u00f6ren Dannhauer &#8211; Foto Thielbar Der Astronaut Ulf Meerbold, Sportsenator Ullrich M\u00e4urer und der heutige UN-Sonderberater f\u00fcr Sport waren in den Vorjahren Festredner auf &hellip; <\/p>\n","protected":false},"author":3,"featured_media":0,"comment_status":"closed","ping_status":"open","sticky":false,"template":"","format":"standard","meta":{"_s2mail":"yes","footnotes":""},"categories":[1,15],"tags":[],"class_list":["post-1838","post","type-post","status-publish","format-standard","hentry","category-allgemein","category-ehrungen"],"_links":{"self":[{"href":"http:\/\/lrv-bremen.de\/index.php?rest_route=\/wp\/v2\/posts\/1838","targetHints":{"allow":["GET"]}}],"collection":[{"href":"http:\/\/lrv-bremen.de\/index.php?rest_route=\/wp\/v2\/posts"}],"about":[{"href":"http:\/\/lrv-bremen.de\/index.php?rest_route=\/wp\/v2\/types\/post"}],"author":[{"embeddable":true,"href":"http:\/\/lrv-bremen.de\/index.php?rest_route=\/wp\/v2\/users\/3"}],"replies":[{"embeddable":true,"href":"http:\/\/lrv-bremen.de\/index.php?rest_route=%2Fwp%2Fv2%2Fcomments&post=1838"}],"version-history":[{"count":4,"href":"http:\/\/lrv-bremen.de\/index.php?rest_route=\/wp\/v2\/posts\/1838\/revisions"}],"predecessor-version":[{"id":1849,"href":"http:\/\/lrv-bremen.de\/index.php?rest_route=\/wp\/v2\/posts\/1838\/revisions\/1849"}],"wp:attachment":[{"href":"http:\/\/lrv-bremen.de\/index.php?rest_route=%2Fwp%2Fv2%2Fmedia&parent=1838"}],"wp:term":[{"taxonomy":"category","embeddable":true,"href":"http:\/\/lrv-bremen.de\/index.php?rest_route=%2Fwp%2Fv2%2Fcategories&post=1838"},{"taxonomy":"post_tag","embeddable":true,"href":"http:\/\/lrv-bremen.de\/index.php?rest_route=%2Fwp%2Fv2%2Ftags&post=1838"}],"curies":[{"name":"wp","href":"https:\/\/api.w.org\/{rel}","templated":true}]}}