{"id":1782,"date":"2013-09-06T11:41:18","date_gmt":"2013-09-06T11:41:18","guid":{"rendered":"http:\/\/lrv-bremen.de\/?p=1782"},"modified":"2013-09-06T12:01:43","modified_gmt":"2013-09-06T12:01:43","slug":"eine-gelungene-auftaktveranstaltung","status":"publish","type":"post","link":"http:\/\/lrv-bremen.de\/?p=1782","title":{"rendered":"Eine gelungene Auftaktveranstaltung"},"content":{"rendered":"<p style=\"text-align: justify;\"><img decoding=\"async\" src=\"http:\/\/lrv-bremen.de\/wp-content\/uploads\/2013\/09\/20130906-134752.jpg\" alt=\"20130906-134752.jpg\" class=\"alignnone size-full\" \/>Zum Auftakt der EUC in Poznan organisierten die Organisatoren der &#8220;University Sports Association of Poznan&#8221; eine tolle Er\u00f6ffnungsfeier. Nach dem Einmarsch der Flaggentr\u00e4ger und den Begr\u00fc\u00dfungsworten der zahlreichen Offiziellen er\u00f6ffnete der Mayor of the City of Poznan Ryszard Grobelny die Spiele. Im Anschluss folgte die Hymne.<\/a><video src=\"http:\/\/lrv-bremen.de\/wp-content\/uploads\/2013\/09\/20130906-133753.mov\" controls=\"controls\" width=\"640\" height=\"360\">Your browser does not support the video tag<\/video><\/p>\n<p><a href=\"http:\/\/lrv-bremen.de\/wp-content\/uploads\/2013\/09\/20130906-134752.jpg\"><\/a><\/p>\n","protected":false},"excerpt":{"rendered":"<p>Zum Auftakt der EUC in Poznan organisierten die Organisatoren der &#8220;University Sports Association of Poznan&#8221; eine tolle Er\u00f6ffnungsfeier. Nach dem Einmarsch der Flaggentr\u00e4ger und den &hellip; <\/p>\n","protected":false},"author":3,"featured_media":1781,"comment_status":"closed","ping_status":"open","sticky":false,"template":"","format":"standard","meta":{"_s2mail":"","footnotes":""},"categories":[9,14],"tags":[],"class_list":["post-1782","post","type-post","status-publish","format-standard","has-post-thumbnail","hentry","category-hochschulsport","category-regatta"],"_links":{"self":[{"href":"http:\/\/lrv-bremen.de\/index.php?rest_route=\/wp\/v2\/posts\/1782","targetHints":{"allow":["GET"]}}],"collection":[{"href":"http:\/\/lrv-bremen.de\/index.php?rest_route=\/wp\/v2\/posts"}],"about":[{"href":"http:\/\/lrv-bremen.de\/index.php?rest_route=\/wp\/v2\/types\/post"}],"author":[{"embeddable":true,"href":"http:\/\/lrv-bremen.de\/index.php?rest_route=\/wp\/v2\/users\/3"}],"replies":[{"embeddable":true,"href":"http:\/\/lrv-bremen.de\/index.php?rest_route=%2Fwp%2Fv2%2Fcomments&post=1782"}],"version-history":[{"count":5,"href":"http:\/\/lrv-bremen.de\/index.php?rest_route=\/wp\/v2\/posts\/1782\/revisions"}],"predecessor-version":[{"id":1788,"href":"http:\/\/lrv-bremen.de\/index.php?rest_route=\/wp\/v2\/posts\/1782\/revisions\/1788"}],"wp:featuredmedia":[{"embeddable":true,"href":"http:\/\/lrv-bremen.de\/index.php?rest_route=\/wp\/v2\/media\/1781"}],"wp:attachment":[{"href":"http:\/\/lrv-bremen.de\/index.php?rest_route=%2Fwp%2Fv2%2Fmedia&parent=1782"}],"wp:term":[{"taxonomy":"category","embeddable":true,"href":"http:\/\/lrv-bremen.de\/index.php?rest_route=%2Fwp%2Fv2%2Fcategories&post=1782"},{"taxonomy":"post_tag","embeddable":true,"href":"http:\/\/lrv-bremen.de\/index.php?rest_route=%2Fwp%2Fv2%2Ftags&post=1782"}],"curies":[{"name":"wp","href":"https:\/\/api.w.org\/{rel}","templated":true}]}}