{"id":137,"date":"2011-03-24T09:14:20","date_gmt":"2011-03-24T09:14:20","guid":{"rendered":"http:\/\/lrv-bremen.de\/?p=137"},"modified":"2011-04-14T20:43:22","modified_gmt":"2011-04-14T20:43:22","slug":"ruderer-mannschaft-des-jahres","status":"publish","type":"post","link":"http:\/\/lrv-bremen.de\/?p=137","title":{"rendered":"Ruderer &#8220;Mannschaft des Jahres&#8221;"},"content":{"rendered":"<p>Der Jubel im Bremer Rathaus war gro\u00df. Die Ruderer haben es wieder einmal geschafft.<br \/>\nS\u00f6ren Dannhauer, Joos Lange, Kim F\u00fcrwentsches und Bolko Maas (v.l.n.r.) sind<\/p>\n<p style=\"text-align: center;\">&#8220;<strong>Mannschaft des Jahres<\/strong>&#8220;<\/p>\n<p>in Bremen.<\/p>\n<p>Dies haben sie den Leserinnen und Lesern des Weser-Kuriers und der Expertenjury zu verdanken, aber mit dem Europameistertitel (EUC) haben sie auch kr\u00e4ftig etwas vorzuweisen! Diesen erruderten die Vier im letzten Jahr auf der Bosbaan in Amsterdam f\u00fcr den Verein f\u00fcr Hochschulsport der Uni Bremen.<\/p>\n<p><figure id=\"attachment_141\" aria-describedby=\"caption-attachment-141\" style=\"width: 700px\" class=\"wp-caption aligncenter\"><a rel=\"attachment wp-att-141\" href=\"http:\/\/lrv-bremen.de\/?attachment_id=141\"><img loading=\"lazy\" decoding=\"async\" width=\"700\" height=\"467\" class=\"size-full wp-image-141\" title=\"Senat2011-1\" src=\"http:\/\/lrv-bremen.de\/wp-content\/uploads\/2011\/03\/Senat2011-1.jpg\" alt=\"Die Mannschaft des Jahres 2010 in Bremen\" srcset=\"http:\/\/lrv-bremen.de\/wp-content\/uploads\/2011\/03\/Senat2011-1.jpg 700w, http:\/\/lrv-bremen.de\/wp-content\/uploads\/2011\/03\/Senat2011-1-300x200.jpg 300w\" sizes=\"auto, (max-width: 700px) 100vw, 700px\" \/><\/a><figcaption id=\"caption-attachment-141\" class=\"wp-caption-text\">Die Mannschaft des Jahres 2010 in Bremen. <\/figcaption><\/figure><br \/>\n<!--more--><br \/>\nUnd hier die Bilder dazu &#8230;<\/p>\n<table class=\"lrvbremen\">\n<tbody>\n<tr>\n<td><a rel=\"attachment wp-att-146\" href=\"http:\/\/lrv-bremen.de\/?attachment_id=146\"><img loading=\"lazy\" decoding=\"async\" title=\"Senat2011-2\" src=\"http:\/\/lrv-bremen.de\/wp-content\/uploads\/2011\/03\/Senat2011-2.jpg\" alt=\"\"  width=\"348\" height=\"232\" \/><\/a><\/td>\n<td>\u00dcbergabe der Urkunden f\u00fcr die Europameisterschaft durch Senator Ulrich M\u00e4urer<\/td>\n<\/tr>\n<tr>\n<td><a href=\"http:\/\/lrv-bremen.de\/?attachment_id=165\" rel=\"attachment wp-att-165\"><img loading=\"lazy\" decoding=\"async\" src=\"http:\/\/lrv-bremen.de\/wp-content\/uploads\/2011\/03\/Senat2011-3.jpg\" alt=\"\" title=\"Senat2011-3\" width=\"348\" height=\"232\" class=\"aligncenter size-full wp-image-165\" srcset=\"http:\/\/lrv-bremen.de\/wp-content\/uploads\/2011\/03\/Senat2011-3.jpg 348w, http:\/\/lrv-bremen.de\/wp-content\/uploads\/2011\/03\/Senat2011-3-300x200.jpg 300w\" sizes=\"auto, (max-width: 348px) 100vw, 348px\" \/><\/a><\/td>\n<td>Die Sportler des Jahres in Bremen<\/td>\n<\/tr>\n<tr>\n<td><a href=\"http:\/\/lrv-bremen.de\/?attachment_id=166\" rel=\"attachment wp-att-166\"><img loading=\"lazy\" decoding=\"async\" src=\"http:\/\/lrv-bremen.de\/wp-content\/uploads\/2011\/03\/Senat2011-4.jpg\" alt=\"\" title=\"Senat2011-4\" width=\"348\" height=\"232\" class=\"aligncenter size-full wp-image-166\" srcset=\"http:\/\/lrv-bremen.de\/wp-content\/uploads\/2011\/03\/Senat2011-4.jpg 348w, http:\/\/lrv-bremen.de\/wp-content\/uploads\/2011\/03\/Senat2011-4-300x200.jpg 300w\" sizes=\"auto, (max-width: 348px) 100vw, 348px\" \/><\/a><\/td>\n<td>Und auch ihr Trainer Willy Debus freut sich mit seiner Mannschaft<\/td>\n<\/tr>\n<tr>\n<td><a href=\"http:\/\/lrv-bremen.de\/?attachment_id=167\" rel=\"attachment wp-att-167\"><img loading=\"lazy\" decoding=\"async\" src=\"http:\/\/lrv-bremen.de\/wp-content\/uploads\/2011\/03\/Senat2011-5.jpg\" alt=\"\" title=\"Senat2011-5\" width=\"348\" height=\"232\" class=\"aligncenter size-full wp-image-167\" srcset=\"http:\/\/lrv-bremen.de\/wp-content\/uploads\/2011\/03\/Senat2011-5.jpg 348w, http:\/\/lrv-bremen.de\/wp-content\/uploads\/2011\/03\/Senat2011-5-300x200.jpg 300w\" sizes=\"auto, (max-width: 348px) 100vw, 348px\" \/><\/a><\/td>\n<td>Und ab ging es ins Vergn\u00fcgen &#8230;<\/td>\n<\/tr>\n<\/tbody>\n<\/table>\n","protected":false},"excerpt":{"rendered":"<p>Der Jubel im Bremer Rathaus war gro\u00df. Die Ruderer haben es wieder einmal geschafft. S\u00f6ren Dannhauer, Joos Lange, Kim F\u00fcrwentsches und Bolko Maas (v.l.n.r.) sind &hellip; <\/p>\n","protected":false},"author":3,"featured_media":0,"comment_status":"closed","ping_status":"open","sticky":false,"template":"","format":"standard","meta":{"_s2mail":"","footnotes":""},"categories":[1],"tags":[6,49,8,7,10],"class_list":["post-137","post","type-post","status-publish","format-standard","hentry","category-allgemein","tag-bremen","tag-hochschulsport","tag-rudern","tag-sportler-des-jahres","tag-uni-bremen"],"_links":{"self":[{"href":"http:\/\/lrv-bremen.de\/index.php?rest_route=\/wp\/v2\/posts\/137","targetHints":{"allow":["GET"]}}],"collection":[{"href":"http:\/\/lrv-bremen.de\/index.php?rest_route=\/wp\/v2\/posts"}],"about":[{"href":"http:\/\/lrv-bremen.de\/index.php?rest_route=\/wp\/v2\/types\/post"}],"author":[{"embeddable":true,"href":"http:\/\/lrv-bremen.de\/index.php?rest_route=\/wp\/v2\/users\/3"}],"replies":[{"embeddable":true,"href":"http:\/\/lrv-bremen.de\/index.php?rest_route=%2Fwp%2Fv2%2Fcomments&post=137"}],"version-history":[{"count":66,"href":"http:\/\/lrv-bremen.de\/index.php?rest_route=\/wp\/v2\/posts\/137\/revisions"}],"predecessor-version":[{"id":338,"href":"http:\/\/lrv-bremen.de\/index.php?rest_route=\/wp\/v2\/posts\/137\/revisions\/338"}],"wp:attachment":[{"href":"http:\/\/lrv-bremen.de\/index.php?rest_route=%2Fwp%2Fv2%2Fmedia&parent=137"}],"wp:term":[{"taxonomy":"category","embeddable":true,"href":"http:\/\/lrv-bremen.de\/index.php?rest_route=%2Fwp%2Fv2%2Fcategories&post=137"},{"taxonomy":"post_tag","embeddable":true,"href":"http:\/\/lrv-bremen.de\/index.php?rest_route=%2Fwp%2Fv2%2Ftags&post=137"}],"curies":[{"name":"wp","href":"https:\/\/api.w.org\/{rel}","templated":true}]}}